{"id":1272,"date":"2024-11-17T17:19:33","date_gmt":"2024-11-17T20:19:33","guid":{"rendered":"https:\/\/ri-grupopanvel.mz-sites.com\/noticias\/grupo-panvel-anuncia-expansao-com-50-novas-filiais-no-nordeste-2\/"},"modified":"2025-01-29T13:31:44","modified_gmt":"2025-01-29T16:31:44","slug":"panvel-quer-ampliar-presenca-nacional-e-nao-descarta-fusao","status":"publish","type":"noticias","link":"https:\/\/ri.grupopanvel.com.br\/en\/noticias\/panvel-quer-ampliar-presenca-nacional-e-nao-descarta-fusao\/","title":{"rendered":"Panvel quer ampliar presen\u00e7a nacional e n\u00e3o descarta fus\u00e3o"},"content":{"rendered":"","protected":false},"featured_media":0,"template":"","class_list":["post-1272","noticias","type-noticias","status-publish","hentry"],"yoast_head":"<!-- This site is optimized with the Yoast SEO plugin v23.5 - https:\/\/yoast.com\/wordpress\/plugins\/seo\/ -->\n<title>Panvel quer ampliar presen\u00e7a nacional e n\u00e3o descarta fus\u00e3o - Grupo Panvel RI<\/title>\n<meta name=\"robots\" content=\"index, follow, max-snippet:-1, max-image-preview:large, max-video-preview:-1\" \/>\n<link rel=\"canonical\" href=\"https:\/\/ri.grupopanvel.com.br\/en\/noticias\/panvel-quer-ampliar-presenca-nacional-e-nao-descarta-fusao\/\" \/>\n<meta property=\"og:locale\" content=\"en_US\" \/>\n<meta property=\"og:type\" content=\"article\" \/>\n<meta property=\"og:title\" content=\"Panvel quer ampliar presen\u00e7a nacional e n\u00e3o descarta fus\u00e3o - Grupo Panvel RI\" \/>\n<meta property=\"og:url\" content=\"https:\/\/ri.grupopanvel.com.br\/en\/noticias\/panvel-quer-ampliar-presenca-nacional-e-nao-descarta-fusao\/\" \/>\n<meta property=\"og:site_name\" content=\"Grupo Panvel RI\" \/>\n<meta property=\"article:modified_time\" content=\"2025-01-29T16:31:44+00:00\" \/>\n<meta name=\"twitter:card\" content=\"summary_large_image\" \/>\n<script type=\"application\/ld+json\" class=\"yoast-schema-graph\">{\"@context\":\"https:\/\/schema.org\",\"@graph\":[{\"@type\":\"WebPage\",\"@id\":\"https:\/\/ri.grupopanvel.com.br\/en\/noticias\/panvel-quer-ampliar-presenca-nacional-e-nao-descarta-fusao\/\",\"url\":\"https:\/\/ri.grupopanvel.com.br\/en\/noticias\/panvel-quer-ampliar-presenca-nacional-e-nao-descarta-fusao\/\",\"name\":\"Panvel quer ampliar presen\u00e7a nacional e n\u00e3o descarta fus\u00e3o - Grupo Panvel RI\",\"isPartOf\":{\"@id\":\"https:\/\/ri.grupopanvel.com.br\/en\/#website\"},\"datePublished\":\"2024-11-17T20:19:33+00:00\",\"dateModified\":\"2025-01-29T16:31:44+00:00\",\"breadcrumb\":{\"@id\":\"https:\/\/ri.grupopanvel.com.br\/en\/noticias\/panvel-quer-ampliar-presenca-nacional-e-nao-descarta-fusao\/#breadcrumb\"},\"inLanguage\":\"en-US\",\"potentialAction\":[{\"@type\":\"ReadAction\",\"target\":[\"https:\/\/ri.grupopanvel.com.br\/en\/noticias\/panvel-quer-ampliar-presenca-nacional-e-nao-descarta-fusao\/\"]}]},{\"@type\":\"BreadcrumbList\",\"@id\":\"https:\/\/ri.grupopanvel.com.br\/en\/noticias\/panvel-quer-ampliar-presenca-nacional-e-nao-descarta-fusao\/#breadcrumb\",\"itemListElement\":[{\"@type\":\"ListItem\",\"position\":1,\"name\":\"In\u00edcio\",\"item\":\"https:\/\/ri.grupopanvel.com.br\/en\/\"},{\"@type\":\"ListItem\",\"position\":2,\"name\":\"Panvel quer ampliar presen\u00e7a nacional e n\u00e3o descarta fus\u00e3o\"}]},{\"@type\":\"WebSite\",\"@id\":\"https:\/\/ri.grupopanvel.com.br\/en\/#website\",\"url\":\"https:\/\/ri.grupopanvel.com.br\/en\/\",\"name\":\"Grupo Panvel RI\",\"description\":\"Rela\u00e7\u00f5es com Investidores\",\"potentialAction\":[{\"@type\":\"SearchAction\",\"target\":{\"@type\":\"EntryPoint\",\"urlTemplate\":\"https:\/\/ri.grupopanvel.com.br\/en\/?s={search_term_string}\"},\"query-input\":{\"@type\":\"PropertyValueSpecification\",\"valueRequired\":true,\"valueName\":\"search_term_string\"}}],\"inLanguage\":\"en-US\"}]}<\/script>\n<!-- \/ Yoast SEO plugin. -->","yoast_head_json":{"title":"Panvel quer ampliar presen\u00e7a nacional e n\u00e3o descarta fus\u00e3o - Grupo Panvel RI","robots":{"index":"index","follow":"follow","max-snippet":"max-snippet:-1","max-image-preview":"max-image-preview:large","max-video-preview":"max-video-preview:-1"},"canonical":"https:\/\/ri.grupopanvel.com.br\/en\/noticias\/panvel-quer-ampliar-presenca-nacional-e-nao-descarta-fusao\/","og_locale":"en_US","og_type":"article","og_title":"Panvel quer ampliar presen\u00e7a nacional e n\u00e3o descarta fus\u00e3o - Grupo Panvel RI","og_url":"https:\/\/ri.grupopanvel.com.br\/en\/noticias\/panvel-quer-ampliar-presenca-nacional-e-nao-descarta-fusao\/","og_site_name":"Grupo Panvel RI","article_modified_time":"2025-01-29T16:31:44+00:00","twitter_card":"summary_large_image","schema":{"@context":"https:\/\/schema.org","@graph":[{"@type":"WebPage","@id":"https:\/\/ri.grupopanvel.com.br\/en\/noticias\/panvel-quer-ampliar-presenca-nacional-e-nao-descarta-fusao\/","url":"https:\/\/ri.grupopanvel.com.br\/en\/noticias\/panvel-quer-ampliar-presenca-nacional-e-nao-descarta-fusao\/","name":"Panvel quer ampliar presen\u00e7a nacional e n\u00e3o descarta fus\u00e3o - Grupo Panvel RI","isPartOf":{"@id":"https:\/\/ri.grupopanvel.com.br\/en\/#website"},"datePublished":"2024-11-17T20:19:33+00:00","dateModified":"2025-01-29T16:31:44+00:00","breadcrumb":{"@id":"https:\/\/ri.grupopanvel.com.br\/en\/noticias\/panvel-quer-ampliar-presenca-nacional-e-nao-descarta-fusao\/#breadcrumb"},"inLanguage":"en-US","potentialAction":[{"@type":"ReadAction","target":["https:\/\/ri.grupopanvel.com.br\/en\/noticias\/panvel-quer-ampliar-presenca-nacional-e-nao-descarta-fusao\/"]}]},{"@type":"BreadcrumbList","@id":"https:\/\/ri.grupopanvel.com.br\/en\/noticias\/panvel-quer-ampliar-presenca-nacional-e-nao-descarta-fusao\/#breadcrumb","itemListElement":[{"@type":"ListItem","position":1,"name":"In\u00edcio","item":"https:\/\/ri.grupopanvel.com.br\/en\/"},{"@type":"ListItem","position":2,"name":"Panvel quer ampliar presen\u00e7a nacional e n\u00e3o descarta fus\u00e3o"}]},{"@type":"WebSite","@id":"https:\/\/ri.grupopanvel.com.br\/en\/#website","url":"https:\/\/ri.grupopanvel.com.br\/en\/","name":"Grupo Panvel RI","description":"Rela\u00e7\u00f5es com Investidores","potentialAction":[{"@type":"SearchAction","target":{"@type":"EntryPoint","urlTemplate":"https:\/\/ri.grupopanvel.com.br\/en\/?s={search_term_string}"},"query-input":{"@type":"PropertyValueSpecification","valueRequired":true,"valueName":"search_term_string"}}],"inLanguage":"en-US"}]}},"acf":[],"_links":{"self":[{"href":"https:\/\/ri.grupopanvel.com.br\/en\/wp-json\/wp\/v2\/noticias\/1272","targetHints":{"allow":["GET"]}}],"collection":[{"href":"https:\/\/ri.grupopanvel.com.br\/en\/wp-json\/wp\/v2\/noticias"}],"about":[{"href":"https:\/\/ri.grupopanvel.com.br\/en\/wp-json\/wp\/v2\/types\/noticias"}],"wp:attachment":[{"href":"https:\/\/ri.grupopanvel.com.br\/en\/wp-json\/wp\/v2\/media?parent=1272"}],"curies":[{"name":"wp","href":"https:\/\/api.w.org\/{rel}","templated":true}]}}