{"id":1271,"date":"2024-11-14T14:24:39","date_gmt":"2024-11-14T17:24:39","guid":{"rendered":"https:\/\/ri-grupopanvel.mz-sites.com\/noticias\/panvel-lanca-aplicativo-inovador-para-telemedicina\/"},"modified":"2025-01-29T13:32:17","modified_gmt":"2025-01-29T16:32:17","slug":"a-grande-expansao-se-da-para-o-interior-diz-diretor-da-panvel-sobre-abertura-de-farmacias-em-2024-e-2025","status":"publish","type":"noticias","link":"https:\/\/ri.grupopanvel.com.br\/en\/noticias\/a-grande-expansao-se-da-para-o-interior-diz-diretor-da-panvel-sobre-abertura-de-farmacias-em-2024-e-2025\/","title":{"rendered":"&#8220;A grande expans\u00e3o se d\u00e1 para o Interior&#8221;, diz diretor da Panvel sobre abertura de farm\u00e1cias em 2024 e 2025"},"content":{"rendered":"","protected":false},"featured_media":0,"template":"","class_list":["post-1271","noticias","type-noticias","status-publish","hentry"],"yoast_head":"<!-- This site is optimized with the Yoast SEO plugin v23.5 - https:\/\/yoast.com\/wordpress\/plugins\/seo\/ -->\n<title>&quot;A grande expans\u00e3o se d\u00e1 para o Interior&quot;, diz diretor da Panvel sobre abertura de farm\u00e1cias em 2024 e 2025 - Grupo Panvel RI<\/title>\n<meta name=\"robots\" content=\"index, follow, max-snippet:-1, max-image-preview:large, max-video-preview:-1\" \/>\n<link rel=\"canonical\" href=\"https:\/\/ri.grupopanvel.com.br\/en\/noticias\/a-grande-expansao-se-da-para-o-interior-diz-diretor-da-panvel-sobre-abertura-de-farmacias-em-2024-e-2025\/\" \/>\n<meta property=\"og:locale\" content=\"en_US\" \/>\n<meta property=\"og:type\" content=\"article\" \/>\n<meta property=\"og:title\" content=\"&quot;A grande expans\u00e3o se d\u00e1 para o Interior&quot;, diz diretor da Panvel sobre abertura de farm\u00e1cias em 2024 e 2025 - Grupo Panvel RI\" \/>\n<meta property=\"og:url\" content=\"https:\/\/ri.grupopanvel.com.br\/en\/noticias\/a-grande-expansao-se-da-para-o-interior-diz-diretor-da-panvel-sobre-abertura-de-farmacias-em-2024-e-2025\/\" \/>\n<meta property=\"og:site_name\" content=\"Grupo Panvel RI\" \/>\n<meta property=\"article:modified_time\" content=\"2025-01-29T16:32:17+00:00\" \/>\n<meta name=\"twitter:card\" content=\"summary_large_image\" \/>\n<script type=\"application\/ld+json\" class=\"yoast-schema-graph\">{\"@context\":\"https:\/\/schema.org\",\"@graph\":[{\"@type\":\"WebPage\",\"@id\":\"https:\/\/ri.grupopanvel.com.br\/en\/noticias\/a-grande-expansao-se-da-para-o-interior-diz-diretor-da-panvel-sobre-abertura-de-farmacias-em-2024-e-2025\/\",\"url\":\"https:\/\/ri.grupopanvel.com.br\/en\/noticias\/a-grande-expansao-se-da-para-o-interior-diz-diretor-da-panvel-sobre-abertura-de-farmacias-em-2024-e-2025\/\",\"name\":\"\\\"A grande expans\u00e3o se d\u00e1 para o Interior\\\", diz diretor da Panvel sobre abertura de farm\u00e1cias em 2024 e 2025 - Grupo Panvel RI\",\"isPartOf\":{\"@id\":\"https:\/\/ri.grupopanvel.com.br\/en\/#website\"},\"datePublished\":\"2024-11-14T17:24:39+00:00\",\"dateModified\":\"2025-01-29T16:32:17+00:00\",\"breadcrumb\":{\"@id\":\"https:\/\/ri.grupopanvel.com.br\/en\/noticias\/a-grande-expansao-se-da-para-o-interior-diz-diretor-da-panvel-sobre-abertura-de-farmacias-em-2024-e-2025\/#breadcrumb\"},\"inLanguage\":\"en-US\",\"potentialAction\":[{\"@type\":\"ReadAction\",\"target\":[\"https:\/\/ri.grupopanvel.com.br\/en\/noticias\/a-grande-expansao-se-da-para-o-interior-diz-diretor-da-panvel-sobre-abertura-de-farmacias-em-2024-e-2025\/\"]}]},{\"@type\":\"BreadcrumbList\",\"@id\":\"https:\/\/ri.grupopanvel.com.br\/en\/noticias\/a-grande-expansao-se-da-para-o-interior-diz-diretor-da-panvel-sobre-abertura-de-farmacias-em-2024-e-2025\/#breadcrumb\",\"itemListElement\":[{\"@type\":\"ListItem\",\"position\":1,\"name\":\"In\u00edcio\",\"item\":\"https:\/\/ri.grupopanvel.com.br\/en\/\"},{\"@type\":\"ListItem\",\"position\":2,\"name\":\"&#8220;A grande expans\u00e3o se d\u00e1 para o Interior&#8221;, diz diretor da Panvel sobre abertura de farm\u00e1cias em 2024 e 2025\"}]},{\"@type\":\"WebSite\",\"@id\":\"https:\/\/ri.grupopanvel.com.br\/en\/#website\",\"url\":\"https:\/\/ri.grupopanvel.com.br\/en\/\",\"name\":\"Grupo Panvel RI\",\"description\":\"Rela\u00e7\u00f5es com Investidores\",\"potentialAction\":[{\"@type\":\"SearchAction\",\"target\":{\"@type\":\"EntryPoint\",\"urlTemplate\":\"https:\/\/ri.grupopanvel.com.br\/en\/?s={search_term_string}\"},\"query-input\":{\"@type\":\"PropertyValueSpecification\",\"valueRequired\":true,\"valueName\":\"search_term_string\"}}],\"inLanguage\":\"en-US\"}]}<\/script>\n<!-- \/ Yoast SEO plugin. -->","yoast_head_json":{"title":"\"A grande expans\u00e3o se d\u00e1 para o Interior\", diz diretor da Panvel sobre abertura de farm\u00e1cias em 2024 e 2025 - Grupo Panvel RI","robots":{"index":"index","follow":"follow","max-snippet":"max-snippet:-1","max-image-preview":"max-image-preview:large","max-video-preview":"max-video-preview:-1"},"canonical":"https:\/\/ri.grupopanvel.com.br\/en\/noticias\/a-grande-expansao-se-da-para-o-interior-diz-diretor-da-panvel-sobre-abertura-de-farmacias-em-2024-e-2025\/","og_locale":"en_US","og_type":"article","og_title":"\"A grande expans\u00e3o se d\u00e1 para o Interior\", diz diretor da Panvel sobre abertura de farm\u00e1cias em 2024 e 2025 - Grupo Panvel RI","og_url":"https:\/\/ri.grupopanvel.com.br\/en\/noticias\/a-grande-expansao-se-da-para-o-interior-diz-diretor-da-panvel-sobre-abertura-de-farmacias-em-2024-e-2025\/","og_site_name":"Grupo Panvel RI","article_modified_time":"2025-01-29T16:32:17+00:00","twitter_card":"summary_large_image","schema":{"@context":"https:\/\/schema.org","@graph":[{"@type":"WebPage","@id":"https:\/\/ri.grupopanvel.com.br\/en\/noticias\/a-grande-expansao-se-da-para-o-interior-diz-diretor-da-panvel-sobre-abertura-de-farmacias-em-2024-e-2025\/","url":"https:\/\/ri.grupopanvel.com.br\/en\/noticias\/a-grande-expansao-se-da-para-o-interior-diz-diretor-da-panvel-sobre-abertura-de-farmacias-em-2024-e-2025\/","name":"\"A grande expans\u00e3o se d\u00e1 para o Interior\", diz diretor da Panvel sobre abertura de farm\u00e1cias em 2024 e 2025 - Grupo Panvel RI","isPartOf":{"@id":"https:\/\/ri.grupopanvel.com.br\/en\/#website"},"datePublished":"2024-11-14T17:24:39+00:00","dateModified":"2025-01-29T16:32:17+00:00","breadcrumb":{"@id":"https:\/\/ri.grupopanvel.com.br\/en\/noticias\/a-grande-expansao-se-da-para-o-interior-diz-diretor-da-panvel-sobre-abertura-de-farmacias-em-2024-e-2025\/#breadcrumb"},"inLanguage":"en-US","potentialAction":[{"@type":"ReadAction","target":["https:\/\/ri.grupopanvel.com.br\/en\/noticias\/a-grande-expansao-se-da-para-o-interior-diz-diretor-da-panvel-sobre-abertura-de-farmacias-em-2024-e-2025\/"]}]},{"@type":"BreadcrumbList","@id":"https:\/\/ri.grupopanvel.com.br\/en\/noticias\/a-grande-expansao-se-da-para-o-interior-diz-diretor-da-panvel-sobre-abertura-de-farmacias-em-2024-e-2025\/#breadcrumb","itemListElement":[{"@type":"ListItem","position":1,"name":"In\u00edcio","item":"https:\/\/ri.grupopanvel.com.br\/en\/"},{"@type":"ListItem","position":2,"name":"&#8220;A grande expans\u00e3o se d\u00e1 para o Interior&#8221;, diz diretor da Panvel sobre abertura de farm\u00e1cias em 2024 e 2025"}]},{"@type":"WebSite","@id":"https:\/\/ri.grupopanvel.com.br\/en\/#website","url":"https:\/\/ri.grupopanvel.com.br\/en\/","name":"Grupo Panvel RI","description":"Rela\u00e7\u00f5es com Investidores","potentialAction":[{"@type":"SearchAction","target":{"@type":"EntryPoint","urlTemplate":"https:\/\/ri.grupopanvel.com.br\/en\/?s={search_term_string}"},"query-input":{"@type":"PropertyValueSpecification","valueRequired":true,"valueName":"search_term_string"}}],"inLanguage":"en-US"}]}},"acf":[],"_links":{"self":[{"href":"https:\/\/ri.grupopanvel.com.br\/en\/wp-json\/wp\/v2\/noticias\/1271","targetHints":{"allow":["GET"]}}],"collection":[{"href":"https:\/\/ri.grupopanvel.com.br\/en\/wp-json\/wp\/v2\/noticias"}],"about":[{"href":"https:\/\/ri.grupopanvel.com.br\/en\/wp-json\/wp\/v2\/types\/noticias"}],"wp:attachment":[{"href":"https:\/\/ri.grupopanvel.com.br\/en\/wp-json\/wp\/v2\/media?parent=1271"}],"curies":[{"name":"wp","href":"https:\/\/api.w.org\/{rel}","templated":true}]}}